{"id":1994,"date":"2024-05-17T14:25:44","date_gmt":"2024-05-17T12:25:44","guid":{"rendered":"https:\/\/thomas-hazebrouck.com\/?p=1994"},"modified":"2025-08-04T17:14:09","modified_gmt":"2025-08-04T15:14:09","slug":"quel-est-le-tarif-dun-photographe","status":"publish","type":"post","link":"https:\/\/thomas-hazebrouck.com\/index.php\/photo-identite-dijon\/quel-est-le-tarif-dun-photographe\/","title":{"rendered":"Quel est le tarif d&rsquo;un photographe ?"},"content":{"rendered":"\t\t<div data-elementor-type=\"wp-post\" data-elementor-id=\"1994\" class=\"elementor elementor-1994\" data-elementor-post-type=\"post\">\n\t\t\t\t\t\t<section class=\"elementor-section elementor-top-section elementor-element elementor-element-abe5896 elementor-section-boxed elementor-section-height-default elementor-section-height-default\" data-id=\"abe5896\" data-element_type=\"section\" data-e-type=\"section\">\n\t\t\t\t\t\t<div class=\"elementor-container elementor-column-gap-default\">\n\t\t\t\t\t<div class=\"elementor-column elementor-col-100 elementor-top-column elementor-element elementor-element-b55e24a\" data-id=\"b55e24a\" data-element_type=\"column\" data-e-type=\"column\">\n\t\t\t<div class=\"elementor-widget-wrap elementor-element-populated\">\n\t\t\t\t\t\t<div class=\"elementor-element elementor-element-923571f elementor-widget elementor-widget-heading\" data-id=\"923571f\" data-element_type=\"widget\" data-e-type=\"widget\" data-widget_type=\"heading.default\">\n\t\t\t\t<div class=\"elementor-widget-container\">\n\t\t\t\t\t<h2 class=\"elementor-heading-title elementor-size-default\">Quel est le tarif d'un photographe ?<\/h2>\t\t\t\t<\/div>\n\t\t\t\t<\/div>\n\t\t\t\t<section class=\"elementor-section elementor-inner-section elementor-element elementor-element-1a10dd2 elementor-section-boxed elementor-section-height-default elementor-section-height-default\" data-id=\"1a10dd2\" data-element_type=\"section\" data-e-type=\"section\">\n\t\t\t\t\t\t<div class=\"elementor-container elementor-column-gap-default\">\n\t\t\t\t\t<div class=\"elementor-column elementor-col-50 elementor-inner-column elementor-element elementor-element-90c95b6\" data-id=\"90c95b6\" data-element_type=\"column\" data-e-type=\"column\">\n\t\t\t<div class=\"elementor-widget-wrap elementor-element-populated\">\n\t\t\t\t\t\t<div class=\"elementor-element elementor-element-233cca4 elementor--h-position-center elementor--v-position-middle elementor-arrows-position-inside elementor-pagination-position-inside elementor-widget elementor-widget-slides\" data-id=\"233cca4\" data-element_type=\"widget\" data-e-type=\"widget\" data-settings=\"{&quot;navigation&quot;:&quot;both&quot;,&quot;autoplay&quot;:&quot;yes&quot;,&quot;pause_on_hover&quot;:&quot;yes&quot;,&quot;pause_on_interaction&quot;:&quot;yes&quot;,&quot;autoplay_speed&quot;:5000,&quot;infinite&quot;:&quot;yes&quot;,&quot;transition&quot;:&quot;slide&quot;,&quot;transition_speed&quot;:500}\" data-widget_type=\"slides.default\">\n\t\t\t\t<div class=\"elementor-widget-container\">\n\t\t\t\t\t\t\t\t\t<div class=\"elementor-swiper\">\n\t\t\t\t\t<div class=\"elementor-slides-wrapper elementor-main-swiper swiper\" role=\"region\" aria-roledescription=\"carousel\" aria-label=\"Diapositives\" dir=\"ltr\" data-animation=\"fadeInUp\">\n\t\t\t\t<div class=\"swiper-wrapper elementor-slides\">\n\t\t\t\t\t\t\t\t\t\t<div class=\"elementor-repeater-item-ae9216b swiper-slide\" role=\"group\" aria-roledescription=\"slide\"><div class=\"swiper-slide-bg\" role=\"img\" aria-label=\"Young Woman in a Gray Suit Sitting on the Floor in Studio\"><\/div><div class=\"swiper-slide-inner\" ><div class=\"swiper-slide-contents\"><\/div><\/div><\/div><div class=\"elementor-repeater-item-d65af15 swiper-slide\" role=\"group\" aria-roledescription=\"slide\"><div class=\"swiper-slide-bg\" role=\"img\" aria-label=\"Portrait of a beautiful african american fashion model\"><\/div><div class=\"swiper-slide-inner\" ><div class=\"swiper-slide-contents\"><\/div><\/div><\/div><div class=\"elementor-repeater-item-f2b275c swiper-slide\" role=\"group\" aria-roledescription=\"slide\"><div class=\"swiper-slide-bg\" role=\"img\" aria-label=\"family portrait, redhead women and freckled girl in matching attire smiling on grey background\"><\/div><div class=\"swiper-slide-inner\" ><div class=\"swiper-slide-contents\"><\/div><\/div><\/div>\t\t\t\t<\/div>\n\t\t\t\t\t\t\t\t\t\t\t\t\t\t\t<div class=\"elementor-swiper-button elementor-swiper-button-prev\" role=\"button\" tabindex=\"0\" aria-label=\"Diapositive pr\u00e9c\u00e9dente\">\n\t\t\t\t\t\t\t<i aria-hidden=\"true\" class=\"eicon-chevron-left\"><\/i>\t\t\t\t\t\t<\/div>\n\t\t\t\t\t\t<div class=\"elementor-swiper-button elementor-swiper-button-next\" role=\"button\" tabindex=\"0\" aria-label=\"Diapositive suivante\">\n\t\t\t\t\t\t\t<i aria-hidden=\"true\" class=\"eicon-chevron-right\"><\/i>\t\t\t\t\t\t<\/div>\n\t\t\t\t\t\t\t\t\t\t\t\t\t\t\t\t<div class=\"swiper-pagination\"><\/div>\n\t\t\t\t\t\t\t\t\t\t\t\t<\/div>\n\t\t\t\t<\/div>\n\t\t\t\t\t\t\t\t<\/div>\n\t\t\t\t<\/div>\n\t\t\t\t\t<\/div>\n\t\t<\/div>\n\t\t\t\t<div class=\"elementor-column elementor-col-50 elementor-inner-column elementor-element elementor-element-0c58aa7\" data-id=\"0c58aa7\" data-element_type=\"column\" data-e-type=\"column\">\n\t\t\t<div class=\"elementor-widget-wrap elementor-element-populated\">\n\t\t\t\t\t\t<div class=\"elementor-element elementor-element-249e2be elementor-widget elementor-widget-text-editor\" data-id=\"249e2be\" data-element_type=\"widget\" data-e-type=\"widget\" data-widget_type=\"text-editor.default\">\n\t\t\t\t<div class=\"elementor-widget-container\">\n\t\t\t\t\t\t\t\t\t<p>Cela d\u00e9pend de ce que vous recherchez.<br> Pour quel usage ou quelle occasion avez vous besoin d&rsquo;un <strong>photographe<\/strong>.<br>\nAu studio photo Thomas Hazebrouck, <strong>photographe dijon<\/strong>, nous proposons une large gamme de prestations photo.\nQuel que soit votre besoin, nous mettrons \u00e0 votre disposition notre savoir-faire.\n<\/p>\n<p>\nVous recherchez un photographe pour <strong>un shooting<\/strong>, une <strong>photo pro cv<\/strong> ou pour <mark>garder en images le plus beau jour de votre vie<\/mark>.<br>\nChaque prestation poss\u00e8de des contraintes et un co\u00fbt diff\u00e9rent.<br>\nNous nous adaptons \u00e0 votre projet et \u00e0 vos besoins au sein de notre sudio photo ou en ext\u00e9rieur.<\/p>\n<p>Quelques exemples de prestations :\n<li>Les <strong>photos d identit\u00e9<\/strong> sont au prix de 20\u20ac. Qu&rsquo;elles soient pour vous ou pour votre b\u00e9b\u00e9. Qu&rsquo;il s&rsquo;agisse d&rsquo;une <strong>photo passeport<\/strong> ou d&rsquo;une <strong>photo ants<\/strong>, chez nous c&rsquo;est le m\u00eame prix et vous \u00eates certain qu&rsquo;elles soient aux normes.<\/li>\n<li>Une s\u00e9ance photo en famille est au prix de 155\u20ac. Nous vous accueillons au sein de notre sudio et r\u00e9alisons des portraits de votre famille en groupe ou en individuel. Vous recevez ensuite vos photos en haute et basse d\u00e9finition afin de pourvoir les publier ou les imprimer.<\/li><br>\nUne question ? Contactez nous au <a href=\"tel:0380382224\">03 80 38 22 24<\/a><\/p>\t\t\t\t\t\t\t\t<\/div>\n\t\t\t\t<\/div>\n\t\t\t\t\t<\/div>\n\t\t<\/div>\n\t\t\t\t\t<\/div>\n\t\t<\/section>\n\t\t\t\t<div class=\"elementor-element elementor-element-573574c elementor-align-center elementor-widget elementor-widget-button\" data-id=\"573574c\" data-element_type=\"widget\" data-e-type=\"widget\" data-widget_type=\"button.default\">\n\t\t\t\t<div class=\"elementor-widget-container\">\n\t\t\t\t\t\t\t\t\t<div class=\"elementor-button-wrapper\">\n\t\t\t\t\t<a class=\"elementor-button elementor-button-link elementor-size-sm\" href=\"https:\/\/thomas-hazebrouck.com\/index.php\/photographes-dijon-chalon-sur-saone-entreprise\/\">\n\t\t\t\t\t\t<span class=\"elementor-button-content-wrapper\">\n\t\t\t\t\t\t\t\t\t<span class=\"elementor-button-text\">Contacter un photographe<\/span>\n\t\t\t\t\t<\/span>\n\t\t\t\t\t<\/a>\n\t\t\t\t<\/div>\n\t\t\t\t\t\t\t\t<\/div>\n\t\t\t\t<\/div>\n\t\t\t\t\t<\/div>\n\t\t<\/div>\n\t\t\t\t\t<\/div>\n\t\t<\/section>\n\t\t\t\t<\/div>\n\t\t","protected":false},"excerpt":{"rendered":"<p>Quel est le tarif d&rsquo;un photographe ? Diapositive pr\u00e9c\u00e9dente Diapositive suivante Cela d\u00e9pend de ce que vous recherchez. Pour quel usage ou quelle occasion avez vous besoin d&rsquo;un photographe. Au studio photo Thomas Hazebrouck, photographe dijon, nous proposons une large gamme de prestations photo. Quel que soit votre besoin, nous mettrons \u00e0 votre disposition notre [&hellip;]<\/p>\n","protected":false},"author":1,"featured_media":0,"comment_status":"closed","ping_status":"open","sticky":false,"template":"elementor_header_footer","format":"standard","meta":{"_jetpack_newsletter_access":"","_jetpack_dont_email_post_to_subs":false,"_jetpack_newsletter_tier_id":0,"_jetpack_memberships_contains_paywalled_content":false,"_jetpack_feature_clip_id":0,"_jetpack_memberships_contains_paid_content":false,"footnotes":"","jetpack_post_was_ever_published":false},"categories":[38,56],"tags":[],"class_list":["post-1994","post","type-post","status-publish","format-standard","hentry","category-photo-identite-dijon","category-photographe-professionel-conseil"],"jetpack_sharing_enabled":true,"jetpack_featured_media_url":"","_links":{"self":[{"href":"https:\/\/thomas-hazebrouck.com\/index.php\/wp-json\/wp\/v2\/posts\/1994","targetHints":{"allow":["GET"]}}],"collection":[{"href":"https:\/\/thomas-hazebrouck.com\/index.php\/wp-json\/wp\/v2\/posts"}],"about":[{"href":"https:\/\/thomas-hazebrouck.com\/index.php\/wp-json\/wp\/v2\/types\/post"}],"author":[{"embeddable":true,"href":"https:\/\/thomas-hazebrouck.com\/index.php\/wp-json\/wp\/v2\/users\/1"}],"replies":[{"embeddable":true,"href":"https:\/\/thomas-hazebrouck.com\/index.php\/wp-json\/wp\/v2\/comments?post=1994"}],"version-history":[{"count":7,"href":"https:\/\/thomas-hazebrouck.com\/index.php\/wp-json\/wp\/v2\/posts\/1994\/revisions"}],"predecessor-version":[{"id":2009,"href":"https:\/\/thomas-hazebrouck.com\/index.php\/wp-json\/wp\/v2\/posts\/1994\/revisions\/2009"}],"wp:attachment":[{"href":"https:\/\/thomas-hazebrouck.com\/index.php\/wp-json\/wp\/v2\/media?parent=1994"}],"wp:term":[{"taxonomy":"category","embeddable":true,"href":"https:\/\/thomas-hazebrouck.com\/index.php\/wp-json\/wp\/v2\/categories?post=1994"},{"taxonomy":"post_tag","embeddable":true,"href":"https:\/\/thomas-hazebrouck.com\/index.php\/wp-json\/wp\/v2\/tags?post=1994"}],"curies":[{"name":"wp","href":"https:\/\/api.w.org\/{rel}","templated":true}]}}